{"id":225,"date":"2020-06-26T14:58:03","date_gmt":"2020-06-26T12:58:03","guid":{"rendered":"https:\/\/obrazyzdanice.estranky.online\/?p=225"},"modified":"2020-06-26T15:33:38","modified_gmt":"2020-06-26T13:33:38","slug":"obrazy-zdanice-nabizeji-portrety-na-zakazku","status":"publish","type":"post","link":"https:\/\/obrazyzdanice.cz\/?p=225","title":{"rendered":"Obrazy \u017dd\u00e1nice nab\u00edzej\u00ed portr\u00e9ty na zak\u00e1zku"},"content":{"rendered":"\n<p>Ru\u010dn\u011b malovan\u00fd portr\u00e9t? Staromilstv\u00ed? Dost mo\u017en\u00e1, ov\u0161em tak\u00e9 nikdy neum\u00edraj\u00edc\u00ed klasika. Fotografii ve vysok\u00e9 kvalit\u011b dnes d\u00edky pokro\u010dil\u00fdm technologi\u00edm vytvo\u0159\u00ed ka\u017ed\u00fd majitel smartpohne, ov\u0161em portr\u00e9t v\u00e1\u0161, potomk\u016f, babi\u010dky, d\u011bdy, portr\u00e9t jako d\u00e1rek na pam\u00e1tku, to je origin\u00e1ln\u00ed d\u00e1rek na v\u011b\u010dn\u00e9 \u010dasy. Oslovte Obrazy \u017dd\u00e1nice a domluv\u00edme se na detailech malovan\u00e9ho portr\u00e9tu.<\/p>\n\n\n\n<p><\/p>\n\n\n\n<figure class=\"wp-block-image\"><img fetchpriority=\"high\" decoding=\"async\" width=\"768\" height=\"1024\" src=\"https:\/\/obrazyzdanice.estranky.online\/wp-content\/uploads\/2020\/06\/IMG_20200608_184751-768x1024.jpg\" alt=\"\" class=\"wp-image-226\" srcset=\"https:\/\/obrazyzdanice.cz\/wp-content\/uploads\/2020\/06\/IMG_20200608_184751-768x1024.jpg 768w, https:\/\/obrazyzdanice.cz\/wp-content\/uploads\/2020\/06\/IMG_20200608_184751-225x300.jpg 225w, https:\/\/obrazyzdanice.cz\/wp-content\/uploads\/2020\/06\/IMG_20200608_184751-1140x1520.jpg 1140w, https:\/\/obrazyzdanice.cz\/wp-content\/uploads\/2020\/06\/IMG_20200608_184751-600x800.jpg 600w\" sizes=\"(max-width: 768px) 100vw, 768px\" \/><\/figure>\n\n\n\n<p style=\"text-align:center\">V p\u0159\u00edpad\u011b z\u00e1jmu o namalov\u00e1n\u00ed portr\u00e9tu dle fotografie m\u011b kontaktuje do @:<br><strong>kreslenimkestesti@seznam.cz<\/strong><\/p>\n\n\n\n<p>Ru\u010dn\u011b malovan\u00fd portr\u00e9t kresl\u00edm na \u010dern\u00e9 nebo b\u00edl\u00e9 pozad\u00ed. Obraz portr\u00e9tovan\u00e9 osoby lze vytvo\u0159it tu\u017ekou, uhlem, b\u00edlou k\u0159\u00eddou, p\u0159\u00edpadn\u011b barevn\u00fdm uhlem. Cena za portr\u00e9t je 500 K\u010d + po\u0161tovn\u00e9 150 K\u010d. Portr\u00e9t je dod\u00e1n bez klip r\u00e1mu. Term\u00edn dod\u00e1n\u00ed: 30 pracovn\u00edch dn\u00ed.<\/p>\n\n\n\n<figure class=\"wp-block-image\"><img decoding=\"async\" width=\"768\" height=\"1024\" src=\"https:\/\/obrazyzdanice.estranky.online\/wp-content\/uploads\/2020\/06\/IMG_20200626_150443-768x1024.jpg\" alt=\"\" class=\"wp-image-233\" srcset=\"https:\/\/obrazyzdanice.cz\/wp-content\/uploads\/2020\/06\/IMG_20200626_150443-768x1024.jpg 768w, https:\/\/obrazyzdanice.cz\/wp-content\/uploads\/2020\/06\/IMG_20200626_150443-225x300.jpg 225w, https:\/\/obrazyzdanice.cz\/wp-content\/uploads\/2020\/06\/IMG_20200626_150443-1140x1520.jpg 1140w, https:\/\/obrazyzdanice.cz\/wp-content\/uploads\/2020\/06\/IMG_20200626_150443-600x800.jpg 600w\" sizes=\"(max-width: 768px) 100vw, 768px\" \/><\/figure>\n\n\n\n<p><\/p>\n","protected":false},"excerpt":{"rendered":"<p>Ru\u010dn\u011b malovan\u00fd portr\u00e9t? Staromilstv\u00ed? Dost mo\u017en\u00e1, ov\u0161em tak\u00e9 nikdy neum\u00edraj\u00edc\u00ed klasika. Fotografii ve vysok\u00e9 kvalit\u011b dnes d\u00edky pokro\u010dil\u00fdm technologi\u00edm vytvo\u0159\u00ed ka\u017ed\u00fd majitel smartpohne, ov\u0161em portr\u00e9t v\u00e1\u0161, potomk\u016f, babi\u010dky, d\u011bdy, portr\u00e9t jako d\u00e1rek na pam\u00e1tku, to je origin\u00e1ln\u00ed d\u00e1rek na v\u011b\u010dn\u00e9 \u010dasy. Oslovte Obrazy \u017dd\u00e1nice a domluv\u00edme se na detailech malovan\u00e9ho portr\u00e9tu. V p\u0159\u00edpad\u011b z\u00e1jmu o namalov\u00e1n\u00ed portr\u00e9tu dle fotografie m\u011b kontaktuje do @:kreslenimkestesti@seznam.cz Ru\u010dn\u011b malovan\u00fd portr\u00e9t kresl\u00edm na \u010dern\u00e9 nebo b\u00edl\u00e9 pozad\u00ed. Obraz portr\u00e9tovan\u00e9 osoby lze vytvo\u0159it tu\u017ekou, uhlem, b\u00edlou k\u0159\u00eddou, p\u0159\u00edpadn\u011b barevn\u00fdm uhlem. Cena za portr\u00e9t je 500 K\u010d + po\u0161tovn\u00e9 150 K\u010d. Portr\u00e9t je dod\u00e1n bez klip r\u00e1mu. Term\u00edn dod\u00e1n\u00ed: 30 pracovn\u00edch dn\u00ed.<\/p>\n","protected":false},"author":1,"featured_media":0,"comment_status":"open","ping_status":"open","sticky":false,"template":"","format":"standard","meta":{"_jetpack_memberships_contains_paid_content":false,"footnotes":""},"categories":[1],"tags":[],"class_list":["post-225","post","type-post","status-publish","format-standard","hentry","category-nezarazene"],"jetpack_featured_media_url":"","jetpack_sharing_enabled":true,"_links":{"self":[{"href":"https:\/\/obrazyzdanice.cz\/index.php?rest_route=\/wp\/v2\/posts\/225","targetHints":{"allow":["GET"]}}],"collection":[{"href":"https:\/\/obrazyzdanice.cz\/index.php?rest_route=\/wp\/v2\/posts"}],"about":[{"href":"https:\/\/obrazyzdanice.cz\/index.php?rest_route=\/wp\/v2\/types\/post"}],"author":[{"embeddable":true,"href":"https:\/\/obrazyzdanice.cz\/index.php?rest_route=\/wp\/v2\/users\/1"}],"replies":[{"embeddable":true,"href":"https:\/\/obrazyzdanice.cz\/index.php?rest_route=%2Fwp%2Fv2%2Fcomments&post=225"}],"version-history":[{"count":7,"href":"https:\/\/obrazyzdanice.cz\/index.php?rest_route=\/wp\/v2\/posts\/225\/revisions"}],"predecessor-version":[{"id":235,"href":"https:\/\/obrazyzdanice.cz\/index.php?rest_route=\/wp\/v2\/posts\/225\/revisions\/235"}],"wp:attachment":[{"href":"https:\/\/obrazyzdanice.cz\/index.php?rest_route=%2Fwp%2Fv2%2Fmedia&parent=225"}],"wp:term":[{"taxonomy":"category","embeddable":true,"href":"https:\/\/obrazyzdanice.cz\/index.php?rest_route=%2Fwp%2Fv2%2Fcategories&post=225"},{"taxonomy":"post_tag","embeddable":true,"href":"https:\/\/obrazyzdanice.cz\/index.php?rest_route=%2Fwp%2Fv2%2Ftags&post=225"}],"curies":[{"name":"wp","href":"https:\/\/api.w.org\/{rel}","templated":true}]}}