{"id":322,"date":"2020-10-14T15:07:33","date_gmt":"2020-10-14T13:07:33","guid":{"rendered":"https:\/\/obrazyzdanice.estranky.online\/?p=322"},"modified":"2020-11-21T21:24:15","modified_gmt":"2020-11-21T20:24:15","slug":"rucne-malovany-obraz-lekniny-prsi-z-nebe","status":"publish","type":"post","link":"https:\/\/obrazyzdanice.cz\/?p=322","title":{"rendered":"Ru\u010dn\u011b malovan\u00fd obraz &#8211; Lekn\u00edny pr\u0161\u00ed z nebe"},"content":{"rendered":"\t\t<div data-elementor-type=\"wp-post\" data-elementor-id=\"322\" class=\"elementor elementor-322\">\n\t\t\t\t\t\t<section class=\"elementor-section elementor-top-section elementor-element elementor-element-2e64754f elementor-section-boxed elementor-section-height-default elementor-section-height-default\" data-id=\"2e64754f\" data-element_type=\"section\" data-e-type=\"section\">\n\t\t\t\t\t\t<div class=\"elementor-container elementor-column-gap-default\">\n\t\t\t\t\t<div class=\"elementor-column elementor-col-100 elementor-top-column elementor-element elementor-element-6c5becfa\" data-id=\"6c5becfa\" data-element_type=\"column\" data-e-type=\"column\">\n\t\t\t<div class=\"elementor-widget-wrap elementor-element-populated\">\n\t\t\t\t\t\t<div class=\"elementor-element elementor-element-ac9f9b3 elementor-widget elementor-widget-text-editor\" data-id=\"ac9f9b3\" data-element_type=\"widget\" data-e-type=\"widget\" data-widget_type=\"text-editor.default\">\n\t\t\t\t\t\t\t\t\t<p><\/p>\n<h3>Obraz je malov\u00e1n akrylov\u00fdmi barvami. Obraz je plastick\u00fd a mnohovrstevnat\u00fd. Obraz je voln\u00fd k prodeji.<\/h3><figure><img fetchpriority=\"high\" decoding=\"async\" src=\"https:\/\/obrazyzdanice.estranky.online\/wp-content\/uploads\/2020\/10\/IMG_20201010_170224-768x1024.jpg\" alt=\"Ru\u010dn\u011b malovan\u00fd obraz\" width=\"768\" height=\"1024\"> Lekn\u00edny pr\u0161\u00ed z nebe je ru\u010dn\u011b malovan\u00fd obraz akrylov\u00fdmi barvami. Autorem je Stanislava Sedl\u00e1k Chytilov\u00e1. Obraz nab\u00edz\u00ed Obrazy \u017dd\u00e1nice.[\/caption]\n<figcaption><\/figcaption>\n<\/figure>\n<p><\/p>\n<p><\/p>\n<p><\/p>\t\t\t\t\t\t\t\t<\/div>\n\t\t\t\t\t<\/div>\n\t\t<\/div>\n\t\t\t\t\t<\/div>\n\t\t<\/section>\n\t\t\t\t<section class=\"elementor-section elementor-top-section elementor-element elementor-element-286908f elementor-section-boxed elementor-section-height-default elementor-section-height-default\" data-id=\"286908f\" data-element_type=\"section\" data-e-type=\"section\">\n\t\t\t\t\t\t<div class=\"elementor-container elementor-column-gap-default\">\n\t\t\t\t\t<div class=\"elementor-column elementor-col-100 elementor-top-column elementor-element elementor-element-738af1a\" data-id=\"738af1a\" data-element_type=\"column\" data-e-type=\"column\">\n\t\t\t<div class=\"elementor-widget-wrap elementor-element-populated\">\n\t\t\t\t\t\t<div class=\"elementor-element elementor-element-0fd4694 elementor-widget elementor-widget-text-editor\" data-id=\"0fd4694\" data-element_type=\"widget\" data-e-type=\"widget\" data-widget_type=\"text-editor.default\">\n\t\t\t\t\t\t\t\t\t<h6><em>Ru\u010dn\u011b malovan\u00fd obraz Lekn\u00edny pr\u0161\u00ed z nebe je malovan\u00fd na pl\u00e1tno o velikosti 60 \u00d7 80 cm.\u00a0<\/em><em style=\"color: var( --e-global-color-text ); font-family: var( --e-global-typography-text-font-family ); font-weight: var( --e-global-typography-text-font-weight ); font-size: 15px; letter-spacing: 0px;\"><span style=\"font-size: 15pt;\">Obraz je malov\u00e1n\u00a0<a href=\"https:\/\/www.c-kreul.de\/kreul\/startseite\" target=\"_blank\" rel=\"noopener\"><span style=\"font-style: normal;\">akrylov\u00fdmi barvami Kreul Solo Goya<\/span><\/a>\u00a0a italsk\u00fdmi barvami zna\u010dky\u00a0<a href=\"https:\/\/www.maimeri.it\/\" target=\"_blank\" rel=\"noopener\"><span style=\"font-style: normal;\">Maimeri.<\/span><\/a>\u00a0<\/span><\/em><em style=\"letter-spacing: 0px;\">Modern\u00ed \u0161pachtlov\u00e1 technika dod\u00e1v\u00e1 obrazu plastick\u00fd r\u00e1z, kter\u00fd obrazy tvo\u0159en\u00e9 fototiskem rozhodn\u011b nenab\u00eddnou.\u00a0<\/em><\/h6>\n<h6><em>V\u00fdhodou vodou \u0159editeln\u00fdch akrylov\u00fdch barev je jejich sv\u011btlost\u00e1lost.<\/em><\/h6>\t\t\t\t\t\t\t\t<\/div>\n\t\t\t\t\t<\/div>\n\t\t<\/div>\n\t\t\t\t\t<\/div>\n\t\t<\/section>\n\t\t\t\t<section class=\"elementor-section elementor-top-section elementor-element elementor-element-6a60216 elementor-section-boxed elementor-section-height-default elementor-section-height-default\" data-id=\"6a60216\" data-element_type=\"section\" data-e-type=\"section\">\n\t\t\t\t\t\t<div class=\"elementor-container elementor-column-gap-default\">\n\t\t\t\t\t<div class=\"elementor-column elementor-col-100 elementor-top-column elementor-element elementor-element-5c5a107\" data-id=\"5c5a107\" data-element_type=\"column\" data-e-type=\"column\">\n\t\t\t<div class=\"elementor-widget-wrap elementor-element-populated\">\n\t\t\t\t\t\t<div class=\"elementor-element elementor-element-8c77c1f elementor-widget elementor-widget-text-editor\" data-id=\"8c77c1f\" data-element_type=\"widget\" data-e-type=\"widget\" data-widget_type=\"text-editor.default\">\n\t\t\t\t\t\t\t\t\t<p><em>Obraz Lekn\u00edny pr\u0161\u00ed z nebe je dod\u00e1v\u00e1n bez r\u00e1mu a je opat\u0159en ou\u0161kem pro pov\u011b\u0161en\u00ed na ze\u010f.<br \/>Akrylov\u00fd obraz Lekn\u00edny pr\u0161\u00ed z nebe je mo\u017en\u00e9\u00a0<\/em><em style=\"color: var( --e-global-color-text ); font-family: var( --e-global-typography-text-font-family ); font-weight: var( --e-global-typography-text-font-weight ); letter-spacing: 0px;\"><span style=\"font-size: 11.5pt; font-family: roboto, serif; background-image: initial; background-position: initial; background-size: initial; background-repeat: initial; background-attachment: initial; background-origin: initial; background-clip: initial;\"><span style=\"font-style: normal;\"><a href=\"https:\/\/obrazyzdanice.cz\/?product=lekniny-prsi-z-nebe\">zakoupit v e-shopu.<\/a><\/span><\/span><\/em><\/p>\t\t\t\t\t\t\t\t<\/div>\n\t\t\t\t\t<\/div>\n\t\t<\/div>\n\t\t\t\t\t<\/div>\n\t\t<\/section>\n\t\t\t\t<\/div>\n\t\t","protected":false},"excerpt":{"rendered":"<p>Obraz je malov\u00e1n akrylov\u00fdmi barvami. Obraz je plastick\u00fd a mnohovrstevnat\u00fd. Obraz je voln\u00fd k prodeji. Lekn\u00edny pr\u0161\u00ed z nebe je ru\u010dn\u011b malovan\u00fd obraz akrylov\u00fdmi barvami. Autorem je Stanislava Sedl\u00e1k Chytilov\u00e1. Obraz nab\u00edz\u00ed Obrazy \u017dd\u00e1nice.[\/caption] Ru\u010dn\u011b malovan\u00fd obraz Lekn\u00edny pr\u0161\u00ed z nebe je malovan\u00fd na pl\u00e1tno o velikosti 60 \u00d7 80 cm.&nbsp;Obraz je malov\u00e1n&nbsp;akrylov\u00fdmi barvami Kreul Solo Goya&nbsp;a italsk\u00fdmi barvami zna\u010dky&nbsp;Maimeri.&nbsp;Modern\u00ed \u0161pachtlov\u00e1 technika dod\u00e1v\u00e1 obrazu plastick\u00fd r\u00e1z, kter\u00fd obrazy tvo\u0159en\u00e9 fototiskem rozhodn\u011b nenab\u00eddnou.&nbsp; V\u00fdhodou vodou \u0159editeln\u00fdch akrylov\u00fdch barev je jejich sv\u011btlost\u00e1lost. Obraz Lekn\u00edny pr\u0161\u00ed z nebe je dod\u00e1v\u00e1n bez r\u00e1mu a je opat\u0159en ou\u0161kem pro pov\u011b\u0161en\u00ed na ze\u010f.Akrylov\u00fd obraz Lekn\u00edny pr\u0161\u00ed z nebe je mo\u017en\u00e9&nbsp;zakoupit v e-shopu.<\/p>\n","protected":false},"author":1,"featured_media":0,"comment_status":"open","ping_status":"open","sticky":false,"template":"","format":"standard","meta":{"_jetpack_memberships_contains_paid_content":false,"footnotes":""},"categories":[1],"tags":[],"class_list":["post-322","post","type-post","status-publish","format-standard","hentry","category-nezarazene"],"jetpack_featured_media_url":"","jetpack_sharing_enabled":true,"_links":{"self":[{"href":"https:\/\/obrazyzdanice.cz\/index.php?rest_route=\/wp\/v2\/posts\/322","targetHints":{"allow":["GET"]}}],"collection":[{"href":"https:\/\/obrazyzdanice.cz\/index.php?rest_route=\/wp\/v2\/posts"}],"about":[{"href":"https:\/\/obrazyzdanice.cz\/index.php?rest_route=\/wp\/v2\/types\/post"}],"author":[{"embeddable":true,"href":"https:\/\/obrazyzdanice.cz\/index.php?rest_route=\/wp\/v2\/users\/1"}],"replies":[{"embeddable":true,"href":"https:\/\/obrazyzdanice.cz\/index.php?rest_route=%2Fwp%2Fv2%2Fcomments&post=322"}],"version-history":[{"count":18,"href":"https:\/\/obrazyzdanice.cz\/index.php?rest_route=\/wp\/v2\/posts\/322\/revisions"}],"predecessor-version":[{"id":394,"href":"https:\/\/obrazyzdanice.cz\/index.php?rest_route=\/wp\/v2\/posts\/322\/revisions\/394"}],"wp:attachment":[{"href":"https:\/\/obrazyzdanice.cz\/index.php?rest_route=%2Fwp%2Fv2%2Fmedia&parent=322"}],"wp:term":[{"taxonomy":"category","embeddable":true,"href":"https:\/\/obrazyzdanice.cz\/index.php?rest_route=%2Fwp%2Fv2%2Fcategories&post=322"},{"taxonomy":"post_tag","embeddable":true,"href":"https:\/\/obrazyzdanice.cz\/index.php?rest_route=%2Fwp%2Fv2%2Ftags&post=322"}],"curies":[{"name":"wp","href":"https:\/\/api.w.org\/{rel}","templated":true}]}}