{"id":464,"date":"2021-01-27T15:12:12","date_gmt":"2021-01-27T14:12:12","guid":{"rendered":"https:\/\/obrazyzdanice.cz\/?p=464"},"modified":"2021-01-27T15:22:46","modified_gmt":"2021-01-27T14:22:46","slug":"darujte-radost-darujte-portret-s-obrazy-zdanice","status":"publish","type":"post","link":"https:\/\/obrazyzdanice.cz\/?p=464","title":{"rendered":"Darujte radost, darujte portr\u00e9t s Obrazy \u017dd\u00e1nice"},"content":{"rendered":"\t\t<div data-elementor-type=\"wp-post\" data-elementor-id=\"464\" class=\"elementor elementor-464\">\n\t\t\t\t\t\t<section class=\"elementor-section elementor-top-section elementor-element elementor-element-37204cbc elementor-section-boxed elementor-section-height-default elementor-section-height-default\" data-id=\"37204cbc\" data-element_type=\"section\" data-e-type=\"section\">\n\t\t\t\t\t\t<div class=\"elementor-container elementor-column-gap-default\">\n\t\t\t\t\t<div class=\"elementor-column elementor-col-100 elementor-top-column elementor-element elementor-element-5117fff\" data-id=\"5117fff\" data-element_type=\"column\" data-e-type=\"column\">\n\t\t\t<div class=\"elementor-widget-wrap elementor-element-populated\">\n\t\t\t\t\t\t<div class=\"elementor-element elementor-element-20bf4aa8 elementor-widget elementor-widget-text-editor\" data-id=\"20bf4aa8\" data-element_type=\"widget\" data-e-type=\"widget\" data-widget_type=\"text-editor.default\">\n\t\t\t\t\t\t\t\t\t<p><\/p>\n<h4>P\u0159ejete-li si vytvo\u0159it portr\u00e9t v\u00e1s nebo va\u0161ich bl\u00edzk\u00fdch, po\u0161lete fotografii na:<br><span style=\"font-weight: bolder;\">obrazyzdanice@seznam.cz<\/span>.<\/h4>\n<h4>Cena za vyhotoven\u00ed karikatury v\u010detn\u011b dopravy \u010din\u00ed&nbsp;<span style=\"font-weight: bolder;\">500 K\u010d.<\/span><\/h4>\n<p>Obrazy \u017dd\u00e1nice nab\u00edz\u00ed portr\u00e9tn\u00ed kresbu a malbu va\u0161ich bl\u00edzk\u00fdch. Ud\u011blejte sob\u011b \u010di p\u0159\u00e1tel\u016fm radost origin\u00e1ln\u00edm portr\u00e9tem nebo karikaturou. Darujte portr\u00e9t a pot\u011b\u0161te tak kr\u00e1sn\u00fdm d\u00e1rkem.<\/p>\n<p><\/p>\n<p><\/p>\n<p>Po\u0161lete mi fotografii nebo odkaz na facebookovou str\u00e1nku a j\u00e1 v\u00e1m namaluji portr\u00e9t d\u011bt\u00ed, rodi\u010d\u016f, prarodi\u010d\u016f \u010di bl\u00edzk\u00fdch.<\/p>\n<p><\/p>\n<p><\/p>\n<p>Darujte origin\u00e1ln\u00ed um\u011bleck\u00fd d\u00e1rek. Portr\u00e9t \u010di karikaturu vytvo\u0159\u00edm do 7 dn\u00ed. Ur\u010dete si, zda si p\u0159ejete vyhotoven\u00ed barevn\u00e9, \u010di pouze \u010dernob\u00edl\u00e9.<\/p>\n<p><\/p>\n<p><\/p>\n<p>Hotov\u00e9 obr\u00e1zky jsou prim\u00e1rn\u011b zas\u00edl\u00e1ny bez r\u00e1mu. V p\u0159\u00edpad\u011b domluvy mohu portr\u00e9t dodat ji\u017e zasklen\u00fd v klip r\u00e1mu \u010di do v\u00e1mi zvolen\u00e9ho r\u00e1mu. Portr\u00e9ty maluji na vysokogram\u00e1\u017en\u00ed pap\u00edr velikosti A3 (30 \u00d7 42 cm). <\/p>\n<p><\/p>\n<p><\/p>\n<p>Sledujte nejnov\u011bj\u0161\u00ed p\u0159\u00edsp\u011bvky z m\u00e9 tvorby na <a href=\"https:\/\/www.facebook.com\/obrazyzdanice\/photos\/pcb.141582187522674\/141582084189351\/?type=3&amp;theater\" target=\"_blank\" rel=\"noopener\">facebookov\u00fdch str\u00e1nk\u00e1ch Obrazy \u017dd\u00e1nice. <\/a><\/p>\n<p><\/p>\n<p><\/p>\n<p>V p\u0159\u00edpad\u011b z\u00e1jmu o karikaturu si prohl\u00e9dn\u011bte mou tvorbu <a href=\"https:\/\/obrazyzdanice.cz\/?p=369\">zde.<\/a><\/p>\n<p><\/p>\n<p><\/p>\n<p><\/p>\n<p><\/p>\n<figure class=\"wp-block-gallery-2 is-layout-flex wp-block-gallery-is-layout-flex\">\n<ul>\n<li>\n<figure><img decoding=\"async\" src=\"https:\/\/obrazyzdanice.cz\/wp-content\/uploads\/2021\/01\/IMG_20210126_195250-768x1024.jpg\" alt=\"\" data-id=\"465\" data-link=\"https:\/\/obrazyzdanice.cz\/?attachment_id=465\">\n<\/figure>\n<\/li>\n<li>\n<figure><img decoding=\"async\" src=\"https:\/\/obrazyzdanice.cz\/wp-content\/uploads\/2021\/01\/IMG_20210127_123757-768x1024.jpg\" alt=\"\" data-id=\"466\" data-full-url=\"https:\/\/obrazyzdanice.cz\/wp-content\/uploads\/2021\/01\/IMG_20210127_123757-scaled.jpg\" data-link=\"https:\/\/obrazyzdanice.cz\/?attachment_id=466\">\n<\/figure>\n<\/li>\n<\/ul>\n<\/figure>\n<p><\/p>\n<p><\/p>\n<p><\/p>\t\t\t\t\t\t\t\t<\/div>\n\t\t\t\t\t<\/div>\n\t\t<\/div>\n\t\t\t\t\t<\/div>\n\t\t<\/section>\n\t\t\t\t<\/div>\n\t\t","protected":false},"excerpt":{"rendered":"<p>P\u0159ejete-li si vytvo\u0159it portr\u00e9t v\u00e1s nebo va\u0161ich bl\u00edzk\u00fdch, po\u0161lete fotografii na:obrazyzdanice@seznam.cz. Cena za vyhotoven\u00ed karikatury v\u010detn\u011b dopravy \u010din\u00ed&nbsp;500 K\u010d. Obrazy \u017dd\u00e1nice nab\u00edz\u00ed portr\u00e9tn\u00ed kresbu a malbu va\u0161ich bl\u00edzk\u00fdch. Ud\u011blejte sob\u011b \u010di p\u0159\u00e1tel\u016fm radost origin\u00e1ln\u00edm portr\u00e9tem nebo karikaturou. Darujte portr\u00e9t a pot\u011b\u0161te tak kr\u00e1sn\u00fdm d\u00e1rkem. Po\u0161lete mi fotografii nebo odkaz na facebookovou str\u00e1nku a j\u00e1 v\u00e1m namaluji portr\u00e9t d\u011bt\u00ed, rodi\u010d\u016f, prarodi\u010d\u016f \u010di bl\u00edzk\u00fdch. Darujte origin\u00e1ln\u00ed um\u011bleck\u00fd d\u00e1rek. Portr\u00e9t \u010di karikaturu vytvo\u0159\u00edm do 7 dn\u00ed. Ur\u010dete si, zda si p\u0159ejete vyhotoven\u00ed barevn\u00e9, \u010di pouze \u010dernob\u00edl\u00e9. Hotov\u00e9 obr\u00e1zky jsou prim\u00e1rn\u011b zas\u00edl\u00e1ny bez r\u00e1mu. V p\u0159\u00edpad\u011b domluvy mohu portr\u00e9t dodat ji\u017e zasklen\u00fd v klip r\u00e1mu \u010di do v\u00e1mi zvolen\u00e9ho r\u00e1mu. Portr\u00e9ty maluji na vysokogram\u00e1\u017en\u00ed pap\u00edr velikosti A3 (30 \u00d7 42 cm). Sledujte nejnov\u011bj\u0161\u00ed p\u0159\u00edsp\u011bvky z m\u00e9 tvorby na facebookov\u00fdch str\u00e1nk\u00e1ch Obrazy \u017dd\u00e1nice. V p\u0159\u00edpad\u011b z\u00e1jmu o karikaturu si prohl\u00e9dn\u011bte mou tvorbu zde.<\/p>\n","protected":false},"author":1,"featured_media":0,"comment_status":"open","ping_status":"open","sticky":false,"template":"","format":"standard","meta":{"_jetpack_memberships_contains_paid_content":false,"footnotes":""},"categories":[1],"tags":[],"class_list":["post-464","post","type-post","status-publish","format-standard","hentry","category-nezarazene"],"jetpack_featured_media_url":"","jetpack_sharing_enabled":true,"_links":{"self":[{"href":"https:\/\/obrazyzdanice.cz\/index.php?rest_route=\/wp\/v2\/posts\/464","targetHints":{"allow":["GET"]}}],"collection":[{"href":"https:\/\/obrazyzdanice.cz\/index.php?rest_route=\/wp\/v2\/posts"}],"about":[{"href":"https:\/\/obrazyzdanice.cz\/index.php?rest_route=\/wp\/v2\/types\/post"}],"author":[{"embeddable":true,"href":"https:\/\/obrazyzdanice.cz\/index.php?rest_route=\/wp\/v2\/users\/1"}],"replies":[{"embeddable":true,"href":"https:\/\/obrazyzdanice.cz\/index.php?rest_route=%2Fwp%2Fv2%2Fcomments&post=464"}],"version-history":[{"count":6,"href":"https:\/\/obrazyzdanice.cz\/index.php?rest_route=\/wp\/v2\/posts\/464\/revisions"}],"predecessor-version":[{"id":473,"href":"https:\/\/obrazyzdanice.cz\/index.php?rest_route=\/wp\/v2\/posts\/464\/revisions\/473"}],"wp:attachment":[{"href":"https:\/\/obrazyzdanice.cz\/index.php?rest_route=%2Fwp%2Fv2%2Fmedia&parent=464"}],"wp:term":[{"taxonomy":"category","embeddable":true,"href":"https:\/\/obrazyzdanice.cz\/index.php?rest_route=%2Fwp%2Fv2%2Fcategories&post=464"},{"taxonomy":"post_tag","embeddable":true,"href":"https:\/\/obrazyzdanice.cz\/index.php?rest_route=%2Fwp%2Fv2%2Ftags&post=464"}],"curies":[{"name":"wp","href":"https:\/\/api.w.org\/{rel}","templated":true}]}}