{"id":474,"date":"2021-03-18T19:06:13","date_gmt":"2021-03-18T18:06:13","guid":{"rendered":"https:\/\/obrazyzdanice.cz\/?p=474"},"modified":"2021-03-18T19:13:51","modified_gmt":"2021-03-18T18:13:51","slug":"karikatury-vcera-dnes-a-zitra","status":"publish","type":"post","link":"https:\/\/obrazyzdanice.cz\/?p=474","title":{"rendered":"Karikatury v\u010dera, dnes a z\u00edtra"},"content":{"rendered":"\t\t<div data-elementor-type=\"wp-post\" data-elementor-id=\"474\" class=\"elementor elementor-474\">\n\t\t\t\t\t\t<section class=\"elementor-section elementor-top-section elementor-element elementor-element-5d03b7a6 elementor-section-boxed elementor-section-height-default elementor-section-height-default\" data-id=\"5d03b7a6\" data-element_type=\"section\" data-e-type=\"section\">\n\t\t\t\t\t\t<div class=\"elementor-container elementor-column-gap-default\">\n\t\t\t\t\t<div class=\"elementor-column elementor-col-100 elementor-top-column elementor-element elementor-element-524ef1bc\" data-id=\"524ef1bc\" data-element_type=\"column\" data-e-type=\"column\">\n\t\t\t<div class=\"elementor-widget-wrap elementor-element-populated\">\n\t\t\t\t\t\t<div class=\"elementor-element elementor-element-7a7694ba elementor-widget elementor-widget-text-editor\" data-id=\"7a7694ba\" data-element_type=\"widget\" data-e-type=\"widget\" data-widget_type=\"text-editor.default\">\n\t\t\t\t\t\t\t\t\t<p><\/p>\n<p>Obrazy \u017dd\u00e1nice p\u0159edstavuj\u00ed karikatury roku 2021.<\/p>\n<p><\/p>\n<p><\/p>\n<p>Autorem jsem j\u00e1, <strong>Stanislava Sedl\u00e1k Chytilov\u00e1<\/strong>.<\/p>\n<p><\/p>\n<p><\/p>\n<p> V p\u0159\u00edpad\u011b z\u00e1jmu m\u011b nev\u00e1hejte kontaktovat. Karikatury jsou kresleny pastelkami na kvalitn\u00ed pap\u00edr o vysok\u00e9 gram\u00e1\u017ei a vel. A3. <\/p>\n<p><\/p>\n<p><\/p>\n<p>Fotografie s informac\u00ed o zp\u016fsobu proveden\u00ed (\u010derno-b\u00edl\u00e1 karikatura pouze tu\u017ekou nebo barevn\u00e1 pastelkami) zas\u00edlejte na: <strong>obrazyzdanice@seznam.cz<\/strong><\/p>\n<p><\/p>\n<p><\/p>\n<figure class=\"wp-block-gallery columns-3 is-cropped wp-block-gallery-2 is-layout-flex wp-block-gallery-is-layout-flex\">\n<ul class=\"blocks-gallery-grid\">\n<li class=\"blocks-gallery-item\">\n<figure><img fetchpriority=\"high\" decoding=\"async\" width=\"768\" height=\"1024\" src=\"https:\/\/obrazyzdanice.cz\/wp-content\/uploads\/2021\/03\/Slecna-a-pes-768x1024.jpg\" alt=\"\" data-id=\"475\" data-link=\"https:\/\/obrazyzdanice.cz\/?attachment_id=475\" class=\"wp-image-475\" srcset=\"https:\/\/obrazyzdanice.cz\/wp-content\/uploads\/2021\/03\/Slecna-a-pes-768x1024.jpg 768w, https:\/\/obrazyzdanice.cz\/wp-content\/uploads\/2021\/03\/Slecna-a-pes-225x300.jpg 225w, https:\/\/obrazyzdanice.cz\/wp-content\/uploads\/2021\/03\/Slecna-a-pes-1152x1536.jpg 1152w, https:\/\/obrazyzdanice.cz\/wp-content\/uploads\/2021\/03\/Slecna-a-pes-1536x2048.jpg 1536w, https:\/\/obrazyzdanice.cz\/wp-content\/uploads\/2021\/03\/Slecna-a-pes-1140x1520.jpg 1140w, https:\/\/obrazyzdanice.cz\/wp-content\/uploads\/2021\/03\/Slecna-a-pes-600x800.jpg 600w, https:\/\/obrazyzdanice.cz\/wp-content\/uploads\/2021\/03\/Slecna-a-pes-scaled.jpg 1920w\" sizes=\"(max-width: 768px) 100vw, 768px\" \/><p><\/p>\n<figcaption class=\"blocks-gallery-item__caption\"><br><\/figcaption>\n<\/figure>\n<\/li>\n<li class=\"blocks-gallery-item\">\n<figure><img decoding=\"async\" width=\"768\" height=\"1024\" src=\"https:\/\/obrazyzdanice.cz\/wp-content\/uploads\/2021\/03\/Suzanne-768x1024.jpg\" alt=\"\" data-id=\"476\" data-link=\"https:\/\/obrazyzdanice.cz\/?attachment_id=476\" class=\"wp-image-476\" srcset=\"https:\/\/obrazyzdanice.cz\/wp-content\/uploads\/2021\/03\/Suzanne-768x1024.jpg 768w, https:\/\/obrazyzdanice.cz\/wp-content\/uploads\/2021\/03\/Suzanne-225x300.jpg 225w, https:\/\/obrazyzdanice.cz\/wp-content\/uploads\/2021\/03\/Suzanne-1152x1536.jpg 1152w, https:\/\/obrazyzdanice.cz\/wp-content\/uploads\/2021\/03\/Suzanne-1536x2048.jpg 1536w, https:\/\/obrazyzdanice.cz\/wp-content\/uploads\/2021\/03\/Suzanne-1140x1520.jpg 1140w, https:\/\/obrazyzdanice.cz\/wp-content\/uploads\/2021\/03\/Suzanne-600x800.jpg 600w, https:\/\/obrazyzdanice.cz\/wp-content\/uploads\/2021\/03\/Suzanne-scaled.jpg 1920w\" sizes=\"(max-width: 768px) 100vw, 768px\" \/><p><\/p>\n<figcaption class=\"blocks-gallery-item__caption\"><br><\/figcaption>\n<\/figure>\n<\/li>\n<li class=\"blocks-gallery-item\">\n<figure><img decoding=\"async\" width=\"1024\" height=\"768\" src=\"https:\/\/obrazyzdanice.cz\/wp-content\/uploads\/2021\/03\/Svatba-1024x768.jpg\" alt=\"\" data-id=\"477\" data-link=\"https:\/\/obrazyzdanice.cz\/?attachment_id=477\" class=\"wp-image-477\" srcset=\"https:\/\/obrazyzdanice.cz\/wp-content\/uploads\/2021\/03\/Svatba-1024x768.jpg 1024w, https:\/\/obrazyzdanice.cz\/wp-content\/uploads\/2021\/03\/Svatba-300x225.jpg 300w, https:\/\/obrazyzdanice.cz\/wp-content\/uploads\/2021\/03\/Svatba-768x576.jpg 768w, https:\/\/obrazyzdanice.cz\/wp-content\/uploads\/2021\/03\/Svatba-1536x1152.jpg 1536w, https:\/\/obrazyzdanice.cz\/wp-content\/uploads\/2021\/03\/Svatba-2048x1536.jpg 2048w, https:\/\/obrazyzdanice.cz\/wp-content\/uploads\/2021\/03\/Svatba-1140x855.jpg 1140w, https:\/\/obrazyzdanice.cz\/wp-content\/uploads\/2021\/03\/Svatba-600x450.jpg 600w\" sizes=\"(max-width: 1024px) 100vw, 1024px\" \/><p><\/p>\n<figcaption class=\"blocks-gallery-item__caption\"><br><\/figcaption>\n<\/figure>\n<\/li>\n<li class=\"blocks-gallery-item\">\n<figure><img loading=\"lazy\" decoding=\"async\" width=\"1024\" height=\"768\" src=\"https:\/\/obrazyzdanice.cz\/wp-content\/uploads\/2021\/03\/Tri-kamaradi-1024x768.jpg\" alt=\"\" data-id=\"478\" data-full-url=\"https:\/\/obrazyzdanice.cz\/wp-content\/uploads\/2021\/03\/Tri-kamaradi-scaled.jpg\" data-link=\"https:\/\/obrazyzdanice.cz\/?attachment_id=478\" class=\"wp-image-478\" srcset=\"https:\/\/obrazyzdanice.cz\/wp-content\/uploads\/2021\/03\/Tri-kamaradi-1024x768.jpg 1024w, https:\/\/obrazyzdanice.cz\/wp-content\/uploads\/2021\/03\/Tri-kamaradi-300x225.jpg 300w, https:\/\/obrazyzdanice.cz\/wp-content\/uploads\/2021\/03\/Tri-kamaradi-768x576.jpg 768w, https:\/\/obrazyzdanice.cz\/wp-content\/uploads\/2021\/03\/Tri-kamaradi-1536x1152.jpg 1536w, https:\/\/obrazyzdanice.cz\/wp-content\/uploads\/2021\/03\/Tri-kamaradi-2048x1536.jpg 2048w, https:\/\/obrazyzdanice.cz\/wp-content\/uploads\/2021\/03\/Tri-kamaradi-1140x855.jpg 1140w, https:\/\/obrazyzdanice.cz\/wp-content\/uploads\/2021\/03\/Tri-kamaradi-600x450.jpg 600w\" sizes=\"(max-width: 1024px) 100vw, 1024px\" \/><p><\/p>\n<figcaption class=\"blocks-gallery-item__caption\"><br><\/figcaption>\n<\/figure>\n<\/li>\n<\/ul>\n<\/figure>\n<p><\/p>\t\t\t\t\t\t\t\t<\/div>\n\t\t\t\t\t<\/div>\n\t\t<\/div>\n\t\t\t\t\t<\/div>\n\t\t<\/section>\n\t\t\t\t<\/div>\n\t\t","protected":false},"excerpt":{"rendered":"<p>Obrazy \u017dd\u00e1nice p\u0159edstavuj\u00ed karikatury roku 2021. Autorem jsem j\u00e1, Stanislava Sedl\u00e1k Chytilov\u00e1. V p\u0159\u00edpad\u011b z\u00e1jmu m\u011b nev\u00e1hejte kontaktovat. Karikatury jsou kresleny pastelkami na kvalitn\u00ed pap\u00edr o vysok\u00e9 gram\u00e1\u017ei a vel. A3. Fotografie s informac\u00ed o zp\u016fsobu proveden\u00ed (\u010derno-b\u00edl\u00e1 karikatura pouze tu\u017ekou nebo barevn\u00e1 pastelkami) zas\u00edlejte na: obrazyzdanice@seznam.cz<\/p>\n","protected":false},"author":1,"featured_media":0,"comment_status":"open","ping_status":"open","sticky":false,"template":"","format":"standard","meta":{"_jetpack_memberships_contains_paid_content":false,"footnotes":""},"categories":[1],"tags":[],"class_list":["post-474","post","type-post","status-publish","format-standard","hentry","category-nezarazene"],"jetpack_featured_media_url":"","jetpack_sharing_enabled":true,"_links":{"self":[{"href":"https:\/\/obrazyzdanice.cz\/index.php?rest_route=\/wp\/v2\/posts\/474","targetHints":{"allow":["GET"]}}],"collection":[{"href":"https:\/\/obrazyzdanice.cz\/index.php?rest_route=\/wp\/v2\/posts"}],"about":[{"href":"https:\/\/obrazyzdanice.cz\/index.php?rest_route=\/wp\/v2\/types\/post"}],"author":[{"embeddable":true,"href":"https:\/\/obrazyzdanice.cz\/index.php?rest_route=\/wp\/v2\/users\/1"}],"replies":[{"embeddable":true,"href":"https:\/\/obrazyzdanice.cz\/index.php?rest_route=%2Fwp%2Fv2%2Fcomments&post=474"}],"version-history":[{"count":2,"href":"https:\/\/obrazyzdanice.cz\/index.php?rest_route=\/wp\/v2\/posts\/474\/revisions"}],"predecessor-version":[{"id":480,"href":"https:\/\/obrazyzdanice.cz\/index.php?rest_route=\/wp\/v2\/posts\/474\/revisions\/480"}],"wp:attachment":[{"href":"https:\/\/obrazyzdanice.cz\/index.php?rest_route=%2Fwp%2Fv2%2Fmedia&parent=474"}],"wp:term":[{"taxonomy":"category","embeddable":true,"href":"https:\/\/obrazyzdanice.cz\/index.php?rest_route=%2Fwp%2Fv2%2Fcategories&post=474"},{"taxonomy":"post_tag","embeddable":true,"href":"https:\/\/obrazyzdanice.cz\/index.php?rest_route=%2Fwp%2Fv2%2Ftags&post=474"}],"curies":[{"name":"wp","href":"https:\/\/api.w.org\/{rel}","templated":true}]}}