{"id":491,"date":"2021-06-22T16:25:17","date_gmt":"2021-06-22T14:25:17","guid":{"rendered":"https:\/\/obrazyzdanice.cz\/?p=491"},"modified":"2021-06-22T16:25:18","modified_gmt":"2021-06-22T14:25:18","slug":"pozvanka-na-vystavu-obrazu-do-radnicni-galerie-kyjov","status":"publish","type":"post","link":"https:\/\/obrazyzdanice.cz\/?p=491","title":{"rendered":"Pozv\u00e1nka na v\u00fdstavu obraz\u016f do Radni\u010dn\u00ed galerie Kyjov"},"content":{"rendered":"\n<p>Radni\u010dn\u00ed galerie Kyjov nyn\u00ed po\u0159\u00e1d\u00e1 v\u00fdstavu m\u00fdch obraz\u016f. Jsem \u017ed\u00e1nick\u00e1 roda\u010dka Stanislava Sedl\u00e1k Chytilov\u00e1 a moje amat\u00e9rsk\u00e1 tvorba p\u0159edstavuje p\u0159\u00edrodn\u00ed, ale i abstraktn\u00ed motivy.<\/p>\n\n\n\n<p>V\u0161echny mnou malovan\u00e9 obrazy jsou tvo\u0159eny enkaustickou technikou \u010dili malovan\u00e9 voskem.<br>Obrazy jsou tvo\u0159eny na enkaustick\u00fd pap\u00edr a \u0161epsovan\u00e9 pl\u00e1tno.<\/p>\n\n\n\n<p>Srde\u010dn\u011b zvu v\u0161echny milovn\u00edky amat\u00e9rsk\u00e9ho um\u011bn\u00ed i um\u011bn\u00ed v\u016fbec na pr\u00e1v\u011b prob\u00edhaj\u00edc\u00ed v\u00fdstavu, kter\u00e1 potrv\u00e1 do 30. 7. 2021.<\/p>\n\n\n\n<p>Ve\u0161ker\u00e1 vystavovan\u00e1 tvorba je k zakoupen\u00ed i v e-shopu zde na webu https:\/\/obrazyzdanice.cz<\/p>\n\n\n\n<figure class=\"wp-block-gallery columns-1 is-cropped wp-block-gallery-1 is-layout-flex wp-block-gallery-is-layout-flex\"><ul class=\"blocks-gallery-grid\"><li class=\"blocks-gallery-item\"><figure><img fetchpriority=\"high\" decoding=\"async\" width=\"724\" height=\"1024\" src=\"https:\/\/obrazyzdanice.cz\/wp-content\/uploads\/2021\/06\/Plakat-Kyjov-2021-724x1024.jpg\" alt=\"\" data-id=\"492\" data-full-url=\"https:\/\/obrazyzdanice.cz\/wp-content\/uploads\/2021\/06\/Plakat-Kyjov-2021.jpg\" data-link=\"https:\/\/obrazyzdanice.cz\/?attachment_id=492\" class=\"wp-image-492\" srcset=\"https:\/\/obrazyzdanice.cz\/wp-content\/uploads\/2021\/06\/Plakat-Kyjov-2021-724x1024.jpg 724w, https:\/\/obrazyzdanice.cz\/wp-content\/uploads\/2021\/06\/Plakat-Kyjov-2021-212x300.jpg 212w, https:\/\/obrazyzdanice.cz\/wp-content\/uploads\/2021\/06\/Plakat-Kyjov-2021-768x1086.jpg 768w, https:\/\/obrazyzdanice.cz\/wp-content\/uploads\/2021\/06\/Plakat-Kyjov-2021-1086x1536.jpg 1086w, https:\/\/obrazyzdanice.cz\/wp-content\/uploads\/2021\/06\/Plakat-Kyjov-2021-1448x2048.jpg 1448w, https:\/\/obrazyzdanice.cz\/wp-content\/uploads\/2021\/06\/Plakat-Kyjov-2021-1140x1613.jpg 1140w, https:\/\/obrazyzdanice.cz\/wp-content\/uploads\/2021\/06\/Plakat-Kyjov-2021-600x849.jpg 600w, https:\/\/obrazyzdanice.cz\/wp-content\/uploads\/2021\/06\/Plakat-Kyjov-2021.jpg 1587w\" sizes=\"(max-width: 724px) 100vw, 724px\" \/><\/figure><\/li><\/ul><\/figure>\n","protected":false},"excerpt":{"rendered":"<p>Radni\u010dn\u00ed galerie Kyjov nyn\u00ed po\u0159\u00e1d\u00e1 v\u00fdstavu m\u00fdch obraz\u016f. Jsem \u017ed\u00e1nick\u00e1 roda\u010dka Stanislava Sedl\u00e1k Chytilov\u00e1 a moje amat\u00e9rsk\u00e1 tvorba p\u0159edstavuje p\u0159\u00edrodn\u00ed, ale i abstraktn\u00ed motivy. V\u0161echny mnou malovan\u00e9 obrazy jsou tvo\u0159eny enkaustickou technikou \u010dili malovan\u00e9 voskem.Obrazy jsou tvo\u0159eny na enkaustick\u00fd pap\u00edr a \u0161epsovan\u00e9 pl\u00e1tno. Srde\u010dn\u011b zvu v\u0161echny milovn\u00edky amat\u00e9rsk\u00e9ho um\u011bn\u00ed i um\u011bn\u00ed v\u016fbec na pr\u00e1v\u011b prob\u00edhaj\u00edc\u00ed v\u00fdstavu, kter\u00e1 potrv\u00e1 do 30. 7. 2021. Ve\u0161ker\u00e1 vystavovan\u00e1 tvorba je k zakoupen\u00ed i v e-shopu zde na webu https:\/\/obrazyzdanice.cz<\/p>\n","protected":false},"author":1,"featured_media":0,"comment_status":"open","ping_status":"open","sticky":false,"template":"","format":"standard","meta":{"_jetpack_memberships_contains_paid_content":false,"footnotes":""},"categories":[1],"tags":[],"class_list":["post-491","post","type-post","status-publish","format-standard","hentry","category-nezarazene"],"jetpack_featured_media_url":"","jetpack_sharing_enabled":true,"_links":{"self":[{"href":"https:\/\/obrazyzdanice.cz\/index.php?rest_route=\/wp\/v2\/posts\/491","targetHints":{"allow":["GET"]}}],"collection":[{"href":"https:\/\/obrazyzdanice.cz\/index.php?rest_route=\/wp\/v2\/posts"}],"about":[{"href":"https:\/\/obrazyzdanice.cz\/index.php?rest_route=\/wp\/v2\/types\/post"}],"author":[{"embeddable":true,"href":"https:\/\/obrazyzdanice.cz\/index.php?rest_route=\/wp\/v2\/users\/1"}],"replies":[{"embeddable":true,"href":"https:\/\/obrazyzdanice.cz\/index.php?rest_route=%2Fwp%2Fv2%2Fcomments&post=491"}],"version-history":[{"count":1,"href":"https:\/\/obrazyzdanice.cz\/index.php?rest_route=\/wp\/v2\/posts\/491\/revisions"}],"predecessor-version":[{"id":493,"href":"https:\/\/obrazyzdanice.cz\/index.php?rest_route=\/wp\/v2\/posts\/491\/revisions\/493"}],"wp:attachment":[{"href":"https:\/\/obrazyzdanice.cz\/index.php?rest_route=%2Fwp%2Fv2%2Fmedia&parent=491"}],"wp:term":[{"taxonomy":"category","embeddable":true,"href":"https:\/\/obrazyzdanice.cz\/index.php?rest_route=%2Fwp%2Fv2%2Fcategories&post=491"},{"taxonomy":"post_tag","embeddable":true,"href":"https:\/\/obrazyzdanice.cz\/index.php?rest_route=%2Fwp%2Fv2%2Ftags&post=491"}],"curies":[{"name":"wp","href":"https:\/\/api.w.org\/{rel}","templated":true}]}}