{"id":657,"date":"2024-04-11T10:50:39","date_gmt":"2024-04-11T08:50:39","guid":{"rendered":"https:\/\/obrazyzdanice.cz\/?p=657"},"modified":"2024-04-15T10:52:50","modified_gmt":"2024-04-15T08:52:50","slug":"malovani-akrylem-na-platno-od-obrazy-zdanice","status":"publish","type":"post","link":"https:\/\/obrazyzdanice.cz\/?p=657","title":{"rendered":"Malov\u00e1n\u00ed akrylem na pl\u00e1tno od Obrazy \u017dd\u00e1nice"},"content":{"rendered":"\n<p>Str\u00e1nky obrazyzdanice.cz p\u0159edstavuj\u00ed nejnov\u011bj\u0161\u00ed tvorbu s pou\u017eit\u00edm akrylov\u00fdch barev. Obraz o velikosti 80 \u00d7 60 cm byl malov\u00e1n na zak\u00e1zku na \u0161epsovan\u00e9 pl\u00e1tno.<\/p>\n\n\n\n<figure><img decoding=\"async\" src=\"https:\/\/obrazyzdanice.cz\/wp-content\/uploads\/2024\/04\/IMG20240406124303-768x1024.jpg\" alt=\"\"><\/figure>\n\n\n\n<p>Dal\u0161\u00edm obrazem je v\u00fdjev z podmo\u0159sk\u00e9ho sv\u011bta. Tento obraz je st\u00e1le voln\u00fd k prodeji a naleznete jej v e-shopu webu obrazyzdanice.cz<\/p>\n\n\n\n<figure><img decoding=\"async\" src=\"https:\/\/obrazyzdanice.cz\/wp-content\/uploads\/2024\/04\/maleIII-1024x384.jpg\" alt=\"\"><\/figure>\n\n\n<p>Plastick\u00fd obraz Ta slune\u010dnice si u\u017e na\u0161el sv\u00e9ho majitele.<\/p>\n<p>\t\t\t\t\t\t\t\t\t\t<img loading=\"lazy\" decoding=\"async\" width=\"768\" height=\"1024\" src=\"https:\/\/obrazyzdanice.cz\/wp-content\/uploads\/2020\/05\/IMG_20200904_194743-768x1024.jpg\" alt=\"\" loading=\"lazy\" srcset=\"https:\/\/obrazyzdanice.cz\/wp-content\/uploads\/2020\/05\/IMG_20200904_194743-768x1024.jpg 768w, https:\/\/obrazyzdanice.cz\/wp-content\/uploads\/2020\/05\/IMG_20200904_194743-225x300.jpg 225w, https:\/\/obrazyzdanice.cz\/wp-content\/uploads\/2020\/05\/IMG_20200904_194743-1140x1520.jpg 1140w, https:\/\/obrazyzdanice.cz\/wp-content\/uploads\/2020\/05\/IMG_20200904_194743-600x800.jpg 600w\" sizes=\"auto, (max-width: 768px) 100vw, 768px\"><\/p>","protected":false},"excerpt":{"rendered":"<p>Str\u00e1nky obrazyzdanice.cz p\u0159edstavuj\u00ed nejnov\u011bj\u0161\u00ed tvorbu s pou\u017eit\u00edm akrylov\u00fdch barev. Obraz o velikosti 80 \u00d7 60 cm byl malov\u00e1n na zak\u00e1zku na \u0161epsovan\u00e9 pl\u00e1tno. Dal\u0161\u00edm obrazem je v\u00fdjev z podmo\u0159sk\u00e9ho sv\u011bta. Tento obraz je st\u00e1le voln\u00fd k prodeji a naleznete jej v e-shopu webu obrazyzdanice.cz Plastick\u00fd obraz Ta slune\u010dnice si u\u017e na\u0161el sv\u00e9ho majitele.<\/p>\n","protected":false},"author":1,"featured_media":0,"comment_status":"open","ping_status":"open","sticky":false,"template":"","format":"standard","meta":{"_jetpack_memberships_contains_paid_content":false,"footnotes":""},"categories":[1],"tags":[],"class_list":["post-657","post","type-post","status-publish","format-standard","hentry","category-nezarazene"],"jetpack_featured_media_url":"","jetpack_sharing_enabled":true,"_links":{"self":[{"href":"https:\/\/obrazyzdanice.cz\/index.php?rest_route=\/wp\/v2\/posts\/657","targetHints":{"allow":["GET"]}}],"collection":[{"href":"https:\/\/obrazyzdanice.cz\/index.php?rest_route=\/wp\/v2\/posts"}],"about":[{"href":"https:\/\/obrazyzdanice.cz\/index.php?rest_route=\/wp\/v2\/types\/post"}],"author":[{"embeddable":true,"href":"https:\/\/obrazyzdanice.cz\/index.php?rest_route=\/wp\/v2\/users\/1"}],"replies":[{"embeddable":true,"href":"https:\/\/obrazyzdanice.cz\/index.php?rest_route=%2Fwp%2Fv2%2Fcomments&post=657"}],"version-history":[{"count":8,"href":"https:\/\/obrazyzdanice.cz\/index.php?rest_route=\/wp\/v2\/posts\/657\/revisions"}],"predecessor-version":[{"id":669,"href":"https:\/\/obrazyzdanice.cz\/index.php?rest_route=\/wp\/v2\/posts\/657\/revisions\/669"}],"wp:attachment":[{"href":"https:\/\/obrazyzdanice.cz\/index.php?rest_route=%2Fwp%2Fv2%2Fmedia&parent=657"}],"wp:term":[{"taxonomy":"category","embeddable":true,"href":"https:\/\/obrazyzdanice.cz\/index.php?rest_route=%2Fwp%2Fv2%2Fcategories&post=657"},{"taxonomy":"post_tag","embeddable":true,"href":"https:\/\/obrazyzdanice.cz\/index.php?rest_route=%2Fwp%2Fv2%2Ftags&post=657"}],"curies":[{"name":"wp","href":"https:\/\/api.w.org\/{rel}","templated":true}]}}