{"id":670,"date":"2024-04-15T11:10:00","date_gmt":"2024-04-15T09:10:00","guid":{"rendered":"https:\/\/obrazyzdanice.cz\/?p=670"},"modified":"2024-04-15T11:20:01","modified_gmt":"2024-04-15T09:20:01","slug":"originalni-karikatury-na-zakazku-od-obrazy-zdanice","status":"publish","type":"post","link":"https:\/\/obrazyzdanice.cz\/?p=670","title":{"rendered":"Origin\u00e1ln\u00ed d\u00e1rek na zak\u00e1zku od Obrazy \u017dd\u00e1nice. Karikatury skupin i jednotlivc\u016f."},"content":{"rendered":"\t\t<div data-elementor-type=\"wp-post\" data-elementor-id=\"670\" class=\"elementor elementor-670\">\n\t\t\t\t\t\t<section class=\"elementor-section elementor-top-section elementor-element elementor-element-6ad39df5 elementor-section-boxed elementor-section-height-default elementor-section-height-default\" data-id=\"6ad39df5\" data-element_type=\"section\" data-e-type=\"section\">\n\t\t\t\t\t\t<div class=\"elementor-container elementor-column-gap-default\">\n\t\t\t\t\t<div class=\"elementor-column elementor-col-100 elementor-top-column elementor-element elementor-element-341b1f35\" data-id=\"341b1f35\" data-element_type=\"column\" data-e-type=\"column\">\n\t\t\t<div class=\"elementor-widget-wrap elementor-element-populated\">\n\t\t\t\t\t\t<div class=\"elementor-element elementor-element-230611de elementor-widget elementor-widget-text-editor\" data-id=\"230611de\" data-element_type=\"widget\" data-e-type=\"widget\" data-widget_type=\"text-editor.default\">\n\t\t\t\t\t\t\t\t\t<p><\/p>\n<h3>Objednejte si jedine\u010dn\u00fd d\u00e1rek, kter\u00fdm pot\u011b\u0161\u00edte i pobav\u00edte obdarovan\u00e9ho. Term\u00edn dod\u00e1n\u00ed do 14 dn\u00ed. Akvarelem malovan\u00e9 karikatury jednotlivce i skupiny od Obrazy \u017dd\u00e1nice.<\/h3>\n<p><\/p>\n<figure class=\"wp-block-image size-large\"><img fetchpriority=\"high\" decoding=\"async\" width=\"768\" height=\"1024\" class=\"wp-image-671\" src=\"https:\/\/obrazyzdanice.cz\/wp-content\/uploads\/2024\/04\/uprava-pro-web1-768x1024.jpg\" alt=\"\" srcset=\"https:\/\/obrazyzdanice.cz\/wp-content\/uploads\/2024\/04\/uprava-pro-web1-768x1024.jpg 768w, https:\/\/obrazyzdanice.cz\/wp-content\/uploads\/2024\/04\/uprava-pro-web1-225x300.jpg 225w, https:\/\/obrazyzdanice.cz\/wp-content\/uploads\/2024\/04\/uprava-pro-web1-600x800.jpg 600w, https:\/\/obrazyzdanice.cz\/wp-content\/uploads\/2024\/04\/uprava-pro-web1.jpg 1000w\" sizes=\"(max-width: 768px) 100vw, 768px\" \/><\/figure>\n<p><\/p>\n<figure class=\"wp-block-image size-large\"><img decoding=\"async\" width=\"735\" height=\"1024\" class=\"wp-image-672\" src=\"https:\/\/obrazyzdanice.cz\/wp-content\/uploads\/2024\/04\/uprava-pro-web-2-735x1024.jpg\" alt=\"\" srcset=\"https:\/\/obrazyzdanice.cz\/wp-content\/uploads\/2024\/04\/uprava-pro-web-2-735x1024.jpg 735w, https:\/\/obrazyzdanice.cz\/wp-content\/uploads\/2024\/04\/uprava-pro-web-2-215x300.jpg 215w, https:\/\/obrazyzdanice.cz\/wp-content\/uploads\/2024\/04\/uprava-pro-web-2-768x1071.jpg 768w, https:\/\/obrazyzdanice.cz\/wp-content\/uploads\/2024\/04\/uprava-pro-web-2-600x836.jpg 600w, https:\/\/obrazyzdanice.cz\/wp-content\/uploads\/2024\/04\/uprava-pro-web-2.jpg 1000w\" sizes=\"(max-width: 735px) 100vw, 735px\" \/><\/figure>\n<p><\/p>\n<p>Karikaturu objedn\u00e1te snadno e-mailem na <strong>obrazyzdanice@seznam.cz<\/strong>.\u00a0<\/p>\n<p>Posta\u010d\u00ed zaslat fotografii, ze kter\u00e9 je mo\u017eno vych\u00e1zet (\u010d\u00edm detailn\u011bj\u0161\u00ed, t\u00edm lep\u0161\u00ed) a informaci o va\u0161\u00ed p\u0159edstav\u011b, jak by m\u011bla karikatura vypadat, do jak\u00e9ho prost\u0159ed\u00ed b\u00fdt zasazena \u010di v jak\u00e9m duchu stylizov\u00e1na.<\/p>\n<p>Karikatury jsou malov\u00e1ny technikou akvarel na speci\u00e1ln\u00ed, k tomu ur\u010den\u00fd pap\u00edr <strong>velikosti A3<\/strong>.<\/p>\n<p>N\u00e1sledn\u011b se domluv\u00edme, zda si obraz p\u0159ejete zaslat v klip r\u00e1mu, nebo r\u00e1mu barevn\u00e9m. Mohu nab\u00eddnout b\u00edlou \u010di \u010dernou barvu.<\/p>\n<p><strong>Cena v klip obr\u00e1zku v klip r\u00e1mu je 650 K\u010d.<br \/>Cena v barevn\u00e9m r\u00e1mu je 800 K\u010d.<\/strong><\/p>\n<p><\/p>\t\t\t\t\t\t\t\t<\/div>\n\t\t\t\t\t<\/div>\n\t\t<\/div>\n\t\t\t\t\t<\/div>\n\t\t<\/section>\n\t\t\t\t<\/div>\n\t\t","protected":false},"excerpt":{"rendered":"<p>Objednejte si jedine\u010dn\u00fd d\u00e1rek, kter\u00fdm pot\u011b\u0161\u00edte i pobav\u00edte obdarovan\u00e9ho. Term\u00edn dod\u00e1n\u00ed do 14 dn\u00ed. Akvarelem malovan\u00e9 karikatury jednotlivce i skupiny od Obrazy \u017dd\u00e1nice. Karikaturu objedn\u00e1te snadno e-mailem na obrazyzdanice@seznam.cz.\u00a0 Posta\u010d\u00ed zaslat fotografii, ze kter\u00e9 je mo\u017eno vych\u00e1zet (\u010d\u00edm detailn\u011bj\u0161\u00ed, t\u00edm lep\u0161\u00ed) a informaci o va\u0161\u00ed p\u0159edstav\u011b, jak by m\u011bla karikatura vypadat, do jak\u00e9ho prost\u0159ed\u00ed b\u00fdt zasazena \u010di v jak\u00e9m duchu stylizov\u00e1na. Karikatury jsou malov\u00e1ny technikou akvarel na speci\u00e1ln\u00ed, k tomu ur\u010den\u00fd pap\u00edr velikosti A3. N\u00e1sledn\u011b se domluv\u00edme, zda si obraz p\u0159ejete zaslat v klip r\u00e1mu, nebo r\u00e1mu barevn\u00e9m. Mohu nab\u00eddnout b\u00edlou \u010di \u010dernou barvu. Cena v klip obr\u00e1zku v klip r\u00e1mu je 650 K\u010d.Cena v barevn\u00e9m r\u00e1mu je 800 K\u010d.<\/p>\n","protected":false},"author":1,"featured_media":0,"comment_status":"open","ping_status":"open","sticky":false,"template":"","format":"standard","meta":{"_jetpack_memberships_contains_paid_content":false,"footnotes":""},"categories":[1],"tags":[],"class_list":["post-670","post","type-post","status-publish","format-standard","hentry","category-nezarazene"],"jetpack_featured_media_url":"","jetpack_sharing_enabled":true,"_links":{"self":[{"href":"https:\/\/obrazyzdanice.cz\/index.php?rest_route=\/wp\/v2\/posts\/670","targetHints":{"allow":["GET"]}}],"collection":[{"href":"https:\/\/obrazyzdanice.cz\/index.php?rest_route=\/wp\/v2\/posts"}],"about":[{"href":"https:\/\/obrazyzdanice.cz\/index.php?rest_route=\/wp\/v2\/types\/post"}],"author":[{"embeddable":true,"href":"https:\/\/obrazyzdanice.cz\/index.php?rest_route=\/wp\/v2\/users\/1"}],"replies":[{"embeddable":true,"href":"https:\/\/obrazyzdanice.cz\/index.php?rest_route=%2Fwp%2Fv2%2Fcomments&post=670"}],"version-history":[{"count":4,"href":"https:\/\/obrazyzdanice.cz\/index.php?rest_route=\/wp\/v2\/posts\/670\/revisions"}],"predecessor-version":[{"id":676,"href":"https:\/\/obrazyzdanice.cz\/index.php?rest_route=\/wp\/v2\/posts\/670\/revisions\/676"}],"wp:attachment":[{"href":"https:\/\/obrazyzdanice.cz\/index.php?rest_route=%2Fwp%2Fv2%2Fmedia&parent=670"}],"wp:term":[{"taxonomy":"category","embeddable":true,"href":"https:\/\/obrazyzdanice.cz\/index.php?rest_route=%2Fwp%2Fv2%2Fcategories&post=670"},{"taxonomy":"post_tag","embeddable":true,"href":"https:\/\/obrazyzdanice.cz\/index.php?rest_route=%2Fwp%2Fv2%2Ftags&post=670"}],"curies":[{"name":"wp","href":"https:\/\/api.w.org\/{rel}","templated":true}]}}